{"id":2665,"date":"2026-08-31T17:32:47","date_gmt":"2026-08-31T15:32:47","guid":{"rendered":"https:\/\/marinaempuriabrava.es\/el-president-del-port-esportiu-de-ceuta-la-nostra-aposta-es-igual-o-mes-forta-que-abans\/"},"modified":"2026-08-31T17:39:16","modified_gmt":"2026-08-31T15:39:16","slug":"el-president-del-port-esportiu-de-ceuta-la-nostra-aposta-es-igual-o-mes-forta-que-abans","status":"publish","type":"post","link":"https:\/\/marinaempuriabrava.es\/ca\/el-president-del-port-esportiu-de-ceuta-la-nostra-aposta-es-igual-o-mes-forta-que-abans\/","title":{"rendered":"El president del Port Esportiu de Ceuta: \u201cLa nostra aposta \u00e9s igual o m\u00e9s forta que abans\u201d"},"content":{"rendered":"\t\t<div data-elementor-type=\"wp-post\" data-elementor-id=\"2665\" class=\"elementor elementor-2665 elementor-2652\" data-elementor-post-type=\"post\">\n\t\t\t\t<div class=\"elementor-element elementor-element-a7f3da4 e-flex e-con-boxed e-con e-parent\" data-id=\"a7f3da4\" data-element_type=\"container\" data-e-type=\"container\">\n\t\t\t\t\t<div class=\"e-con-inner\">\n\t\t\t\t<div class=\"elementor-element elementor-element-4bc066d elementor-widget elementor-widget-text-editor\" data-id=\"4bc066d\" data-element_type=\"widget\" data-e-type=\"widget\" data-widget_type=\"text-editor.default\">\n\t\t\t\t\t\t\t\t\t<h5>Article del <a href=\"https:\/\/www.elpueblodeceuta.es\/sec\/economia\/presidente-puerto-deportivo-ceuta-apuesta_1_1186712.html\" target=\"_blank\" rel=\"noopener\">Poble de Ceuta<\/a> , escrit per: Gabriela Sard\u00e1<\/h5>\t\t\t\t\t\t\t\t<\/div>\n\t\t\t\t<div class=\"elementor-element elementor-element-47b50cd elementor-widget elementor-widget-text-editor\" data-id=\"47b50cd\" data-element_type=\"widget\" data-e-type=\"widget\" data-widget_type=\"text-editor.default\">\n\t\t\t\t\t\t\t\t\t<p>Jos\u00e9 Manuel Arrojo \u00e9s el conseller delegat de Nauplia Capital, que t\u00e9 la concessi\u00f3 del Marina H\u00e9rcules fins al 2051, i assegura que actualment estan operant \u201cmolt a prop de la normalitat\u201d anterior a la \u201cinvasi\u00f3\u201d. Segueix dempeus la inversi\u00f3 de gaireb\u00e9 7 milions d&#8217;euros <\/p>\t\t\t\t\t\t\t\t<\/div>\n\t\t\t\t<div class=\"elementor-element elementor-element-fbf8c9c elementor-widget elementor-widget-spacer\" data-id=\"fbf8c9c\" data-element_type=\"widget\" data-e-type=\"widget\" data-widget_type=\"spacer.default\">\n\t\t\t\t\t\t\t<div class=\"elementor-spacer\">\n\t\t\t<div class=\"elementor-spacer-inner\"><\/div>\n\t\t<\/div>\n\t\t\t\t\t\t<\/div>\n\t\t\t\t<div class=\"elementor-element elementor-element-4856aae elementor-widget elementor-widget-text-editor\" data-id=\"4856aae\" data-element_type=\"widget\" data-e-type=\"widget\" data-widget_type=\"text-editor.default\">\n\t\t\t\t\t\t\t\t\t<p class=\"paragraph-atom B-550-500-700-N B-550-500-700-N--md\"><span style=\"color: #999999\"><span class=\"place\">Ceuta\/<\/span><\/span> A Jos\u00e9 Manuel Arrojo li agrada Ceuta. Ho diu al comen\u00e7ament de la conversa i ho repeteix, d&#8217;una manera o altra, al llarg de l&#8217;entrevista que concedeix a El Poble de Ceuta per dibuixar el futur que entreveu com a inversor a la ciutat despr\u00e9s de la invasi\u00f3 marroquina. El president i conseller delegat de Nauplia Capital, l&#8217;empresa que gestiona el port esportiu Marina H\u00e9rcules, va arribar a la ciutat el 2024, quan la companyia va adquirir el 100% de les accions de la instal\u00b7laci\u00f3 amb la intenci\u00f3 d&#8217;emprendre una \u201ctransformaci\u00f3 profunda\u201d.  <\/p><p class=\"paragraph-atom B-550-500-700-N B-550-500-700-N--md\">Des de llavors, l&#8217;empresa ha renovat bona part de la plantilla, ha millorat els serveis i les infraestructures i ha preparat un ambici\u00f3s projecte d&#8217;inversi\u00f3 per convertir el port esportiu en un dels referents tur\u00edstics de la ciutat. Fins ara calcula una inversi\u00f3 de m\u00e9s d&#8217;un mili\u00f3 d&#8217;euros, que continuar\u00e0 creixent. La companyia t\u00e9 preparats els fons per executar un projecte que supera els sis milions d?euros i que, amb una nova concessi\u00f3 pendent de concretar, podria elevar la inversi\u00f3 fins als 7,5 milions. Nom\u00e9s falta la llic\u00e8ncia dobra. El que va passar el 30 de juliol al Tarajal no li han tret les ganes ni a ell ni al seu equip. \u201cLa nostra aposta \u00e9s igual de forta, o m\u00e9s que abans\u201d, afirma.     <\/p><p class=\"paragraph-atom B-550-500-700-N B-550-500-700-N--md\"><strong>P.- Quina \u00e9s la seva connexi\u00f3 amb Ceuta, com comen\u00e7a tot?<\/strong><\/p><p class=\"paragraph-atom B-550-500-700-N B-550-500-700-N--md\">R.- Jo no havia estat mai amb Ceuta fins que, per una connexi\u00f3 d&#8217;un dels meus socis, em van presentar a una persona que em va dir si m&#8217;interessava el port de Ceuta. Nosaltres en aquell moment ja ten\u00edem cinc o sis ports i li vaig dir que l&#8217;hauria de mirar.<\/p><aside id=\"id-1000053-advertising--desktop\" class=\"advertising--desktop\" data-ad-type=\"list\"><div class=\"advertising html list\"> <\/div><\/aside><p class=\"paragraph-atom B-550-500-700-N B-550-500-700-N--md\">Aleshores vaig ser a Ceuta i vaig con\u00e8ixer els anteriors propietaris del port esportiu. La veritat \u00e9s que el port estava amb molta falta d&#8217;afecte, per\u00f2 tenia molt de potencial. Vam arribar a un acord l&#8217;any 2024 i vam adquirir el 100% de les accions del port i vam fer un projecte, com fem amb tots els ports que vam adquirir, per millorar-lo substancialment des de tots els punts de vista. Des del punt de vista de la infraestructura, des del punt de vista del personal, que requeria tamb\u00e9 for\u00e7a atenci\u00f3, des del punt de vista dels usuaris, que crec que el servei era insuficient o deficient.   <\/p><p class=\"paragraph-atom B-550-500-700-N B-550-500-700-N--md\">Em vaig reunir amb el representant dels usuaris i vam arribar a acords. I el fet clau, que crec que va ser un encert, va ser incorporar Mehdi com a director del port. A banda de la seva formaci\u00f3, \u00e9s un oncle amb molta empenta, que \u00e9s el que necessitava. O sigui que la meva primera visita va ser per con\u00e8ixer el port i reunir-me amb els propietaris anteriors, i despr\u00e9s he viatjat nombroses vegades. Vaig viatjar dues vegades m\u00e9s fins que vam signar l&#8217;operaci\u00f3 i despr\u00e9s he estat anant pr\u00e0cticament cada mes. I despr\u00e9s una vegada que Mehdi ja se&#8217;n va fer c\u00e0rrec he viatjat trimestralment per reunir-me amb l&#8217;Autoritat Portu\u00e0ria, que he de dir que sempre ens ha donat suport i ha estat realment molt important a facilitar-nos les coses per fer el projecte.     <\/p><p class=\"paragraph-atom B-550-500-700-N B-550-500-700-N--md\">I despr\u00e9s amb el president de la Ciutat i tot l&#8217;equip. Amb els diferents consellers, amb qui hem tingut tamb\u00e9 una relaci\u00f3 molt intensa i de col\u00b7laboraci\u00f3. Sempre ens hem sentit molt ben tractats a Ceuta, ia canvi nosaltres hem comprom\u00e8s un projecte d&#8217;inversi\u00f3 per transformar totalment el port. Creiem que el port \u00e9s una de les cares de la ciutat. Tens el costat del port comercial i despr\u00e9s el punt de vista de turisme. A m\u00e9s, \u00e9s un tipus de turisme de poder adquisitiu m\u00e9s alt que la mitjana. Vol\u00edem tenir un port a l&#8217;al\u00e7ada del que es mereix a Ceuta i hi som.      <\/p><p class=\"paragraph-atom B-550-500-700-N B-550-500-700-N--md\"><strong>P.- I fins ara, abans de la crisi, qu\u00e8 s&#8217;havia aconseguit al port de Ceuta a nivell de recursos humans, d&#8217;infraestructura, de clients?<\/strong><\/p><p class=\"paragraph-atom B-550-500-700-N B-550-500-700-N--md\">R.- Hem canviat tota la plantilla pr\u00e0cticament, hem contractat un nou responsable de varador, hem contractat un n\u00famero dos, un contramestre, la directora d&#8217;administraci\u00f3 i hem canviat pr\u00e0cticament tots els altres mariners. I el director tamb\u00e9. \u00c9s a dir, que ha estat un canvi total, i crec que canvi radical respecte als usuaris.<\/p><p class=\"paragraph-atom B-550-500-700-N B-550-500-700-N--md\">Hi havia una pol\u00e8mica sobre com s&#8217;estava tarificant, com se&#8217;ls estava cobrant mes a mes amb uns mesuraments que s&#8217;havien fet per eslora, per m\u00e0niga i tal, i vam arribar a un acord de modificar el t\u00edtol concessional per tarificar per amarratges i fer un per\u00edode de transici\u00f3 entre el sistema anterior i el nou. Amb aix\u00f2 aconseguim una pacificaci\u00f3. Tamb\u00e9 us rebaixem l&#8217;import del p\u00e0rquing per facilitar-vos l&#8217;acc\u00e9s. I despr\u00e9s hem anat fent algunes millores en infraestructura, sobretot al varador, hem comprat un nou travel lift, que l&#8217;antic donava molt\u00edssims problemes.   <\/p><p class=\"paragraph-atom B-550-500-700-N B-550-500-700-N--md\">Hem comprat tamb\u00e9 un carret\u00f3 elevador per aixecar els vaixells i moure&#8217;ls dins del varador. Hem arribat a acords amb el CAS. Encara est\u00e0 en desenvolupament, per\u00f2 ens agradaria que el CAS (Reial Club N\u00e0utic) fos el que canalitzi tota l&#8217;activitat n\u00e0utic esportiva que nosaltres promovem. I aix\u00ed aprofitar que som ve\u00efns i que els nostres usuaris puguin utilitzar les seves instal\u00b7lacions en cas que fos del vostre inter\u00e8s. Hem col\u00b7laborat amb l&#8217;Ajuntament de Madrid fent una campanya per portar vaixells transe\u00fcnts de la pen\u00ednsula a Ceuta.    <\/p><p class=\"paragraph-atom B-550-500-700-N B-550-500-700-N--md\">Hem aconseguit acords amb tots els ports del Mediterrani Sud per a organitzaci\u00f3 de regates i ral\u00b7lis.<\/p><p class=\"paragraph-atom B-550-500-700-N B-550-500-700-N--md\"><strong>P.- Vost\u00e8s arriben el 2024 a Ceuta, quan la Ciutat Aut\u00f2noma fa anys que aposta precisament pel turisme n\u00e0utic en el seu objectiu de diversificar l&#8217;economia. I, de cop i volta, el 30 de juliol d&#8217;aquest any passa el que passa. Com s&#8217;adona de la dimensi\u00f3 del que acabava de passar?<\/strong><\/p><p class=\"paragraph-atom B-550-500-700-N B-550-500-700-N--md\"><strong>R.-<\/strong> Aix\u00f2 ha estat un xoc. Ja com a ciutad\u00e0 espanyol, veure que les fronteres del teu pa\u00eds es violen i que entra indiscriminadament una quantitat de gent sense control \u00e9s una sensaci\u00f3 primer de xoc i despr\u00e9s d&#8217;incredulitat de com el govern d&#8217;Espanya no ha reaccionat amb els mitjans adequats per evitar-ho. Almenys, una vegada ha passat, per fer que tots els immigrants il\u00b7legals surtin fora de Ceuta.  <\/p><p class=\"paragraph-atom B-550-500-700-N B-550-500-700-N--md\">Ara hi ha moltes m\u00e9s forces al carrer, per\u00f2 no obstant els immigrants irregulars segueixen a les platges, a les botigues, i acampant pels seus carrers. Hi ha recintes que estan pensats per a aquestes circumst\u00e0ncies que no es fan servir. Realment \u00e9s una situaci\u00f3 que combina la sorpresa, amb la incredulitat de la manca de reacci\u00f3 proporcional al que ha passat.  <\/p><p class=\"paragraph-atom B-550-500-700-N B-550-500-700-N--md\"><strong>P.- I a nivell del port i de tots els projectes que t\u00e9 pendent, aix\u00f2 suposa que es paralitzin o pensen reprendre-ho tot aix\u00ed que torni la normalitat?<\/strong><\/p><p class=\"paragraph-atom B-550-500-700-N B-550-500-700-N--md\">R.- Nosaltres invertim a 25 anys als ports. La nostra concessi\u00f3 dura fins a l&#8217;any 52. \u200b\u200bAleshores ens queden 26 anys. La nostra aposta \u00e9s igual de forta, o m\u00e9s que abans. I, de fet, a banda del port tenim projectes nous que ens agradaria executar dins de la ciutat i apostarem per aix\u00f2. Jo crec que a la ciutat no se li pot demanar m\u00e9s del que ha fet perqu\u00e8 no est\u00e0 a la m\u00e0. Per\u00f2 \u00e9s important resoldre aquesta situaci\u00f3 de cara al futur. Jo crec que pel benestar dels ciutadans ceut\u00edes.<\/p><p class=\"paragraph-atom B-550-500-700-N B-550-500-700-N--md\">Nosaltres, com a port, reforcem la seguretat per evitar que ens enva\u00efssin els immigrants irregulars i no n&#8217;entr\u00e9s cap. Vam tenir algunes cancel\u00b7lacions de tr\u00e0nsits perqu\u00e8 \u00e9s normal davant les not\u00edcies, per\u00f2 de seguida es van reprendre. O sigui, que el port est\u00e0 no diguem operant amb la mateixa normalitat que abans de la invasi\u00f3, per\u00f2 molt a prop de la normalitat. Per part nostra, com a empresaris, com a promotors del port, nosaltres el que volem \u00e9s acabar el nostre projecte.   <\/p><p class=\"paragraph-atom B-550-500-700-N B-550-500-700-N--md\">B\u00e9, volem comen\u00e7ar-ho. Estem pendents que l?ajuntament ens doni una vig\u00e8ncia d?obra d?una vegada. Fa molt temps que esperem, per\u00f2 tenim un projecte realment transformador i farem un edifici que ser\u00e0 emblem\u00e0tic dins de la ciutat de Ceuta i canviarem el port de dalt a baix.  <\/p><p class=\"paragraph-atom B-550-500-700-N B-550-500-700-N--md\">L&#8217;\u00fanica cosa que necessitem \u00e9s un perm\u00eds. Tenim tots els fons preparats per ser invertits i per executar el projecte que ja presentem.   <\/p><p class=\"paragraph-atom B-550-500-700-N B-550-500-700-N--md\"><strong>P.- Que segueix endavant aleshores al 100%?<\/strong><\/p><p class=\"paragraph-atom B-550-500-700-N B-550-500-700-N--md\"><strong>R.-<\/strong> Al 100% i si ens podem quedar amb alguna concessi\u00f3 m\u00e9s, ho farem.<\/p><p class=\"paragraph-atom B-550-500-700-N B-550-500-700-N--md\"><strong>P.- Quina inversi\u00f3 heu fet fins ara?<\/strong><\/p><p class=\"paragraph-atom B-550-500-700-N B-550-500-700-N--md\"><strong>R.-<\/strong> La nostra inversi\u00f3 supera els 6 milions d&#8217;euros. I segurament si ho combinem amb una altra concessi\u00f3 que estem esperant ens anirem a 7 milions i mig aproximadament. El 2024 hem invertit prop d?un mili\u00f3 d?euros. El que passa \u00e9s que el que hem fet \u00e9s millorar all\u00f2 que hi ha, per\u00f2 no transformar-ho. Els 6 milions transformen el port.    <\/p><p class=\"paragraph-atom B-550-500-700-N B-550-500-700-N--md\">Passem a tenir 5.000 metres quadrats de superf\u00edcie de terra comercialitzable. Tenim els llogaters signats de fa any i mig. L&#8217;edifici sencer est\u00e0 prellogat i tenim gaireb\u00e9 prellogats la majoria dels locals comercials que farem.  <\/p><p class=\"paragraph-atom B-550-500-700-N B-550-500-700-N--md\">Hi ha molt d&#8217;inter\u00e8s perqu\u00e8 \u00e9s un lloc privilegiat de la ciutat. Nom\u00e9s estem desitjant que ens donin la llic\u00e8ncia d&#8217;obra per comen\u00e7ar com m\u00e9s aviat millor. <\/p><p class=\"paragraph-atom B-550-500-700-N B-550-500-700-N--md\"><strong>P.- I qu\u00e8 ens pot explicar d&#8217;aquesta nova concessi\u00f3 pendent?<\/strong><\/p><p class=\"paragraph-atom B-550-500-700-N B-550-500-700-N--md\"><strong>R.-<\/strong> Aix\u00f2 no et puc explicar perqu\u00e8 violaria la confidencialitat. Per\u00f2 seria una cosa molt complement\u00e0ria al que estem fent ara i ens permetria fer una transformaci\u00f3 encara m\u00e9s gran de la que ten\u00edem prevista.   <\/p><p class=\"paragraph-atom B-550-500-700-N B-550-500-700-N--md\"><strong>P.- Per acabar, com a empresaris que invertiu a Ceuta, qu\u00e8 demaneu a l&#8217;Administraci\u00f3 quant a seguretat i garanties?<\/strong><\/p><p class=\"paragraph-atom B-550-500-700-N B-550-500-700-N--md\"><strong>R.-<\/strong> Nosaltres sabem que la ciutat aut\u00f2noma t\u00e9 unes compet\u00e8ncies que arriben fins a la policia local. La Policia Nacional i la Gu\u00e0rdia Civil depenen del Ministeri dInterior i lEx\u00e8rcit dep\u00e8n del Ministeri de Defensa. <\/p><p class=\"paragraph-atom B-550-500-700-N B-550-500-700-N--md\">A la ciutat li podem demanar all\u00f2 que ens pot donar, que ens ho ha donat sempre. El que s\u00ed que els demanem \u00e9s que han de fer gestions davant dels responsables dels ministeris competents per refor\u00e7ar la seguretat de forma permanent, per descomptat a la frontera. El que no pot ser \u00e9s tenir una tanca de vuit metres i arribes a la frontera de Tarajal i s&#8217;hi cola tothom.  <\/p><p class=\"paragraph-atom B-550-500-700-N B-550-500-700-N--md\">Havia previst una inversi\u00f3 perqu\u00e8, en lloc de fer aquesta mena de barrera de pl\u00e0stic, hagu\u00e9s estat s\u00f2lida. Que s&#8217;executin les inversions. Aquesta \u00e9s la meva opini\u00f3 particular com a ciutad\u00e0, al marge de qualsevol altra cosa, jo crec que en una situaci\u00f3 en qu\u00e8 envaeixen el teu territori l\u201fEx\u00e8rcit ha d\u201fintervenir.  <\/p><p class=\"paragraph-atom B-550-500-700-N B-550-500-700-N--md\">L&#8217;Ex\u00e8rcit t\u00e9 com a comprom\u00eds defensar la integritat territorial d&#8217;Espanya i no ho ha defensat perqu\u00e8 els comandaments no han estat a l&#8217;al\u00e7ada de les circumst\u00e0ncies. Aleshores la ciutat t\u00e9 la missi\u00f3 de pactar amb els ministeris implicats un refor\u00e7 i un protocol d&#8217;actuaci\u00f3 que eviti aix\u00f2, perqu\u00e8 la veritat \u00e9s que aix\u00f2 t\u00e9 pinta que pot tornar a succeir en qualsevol moment. Aleshores l&#8217;important \u00e9s fer medicina preventiva.  <\/p>\t\t\t\t\t\t\t\t<\/div>\n\t\t\t\t\t<\/div>\n\t\t\t\t<\/div>\n\t\t\t\t<\/div>\n\t\t","protected":false},"excerpt":{"rendered":"<p>Jos\u00e9 Manuel Arrojo \u00e9s el conseller delegat de Nauplia Capital, que t\u00e9 la concessi\u00f3 del Marina H\u00e9rcules fins al 2051.<\/p>\n","protected":false},"author":1,"featured_media":2666,"comment_status":"closed","ping_status":"closed","sticky":false,"template":"","format":"standard","meta":{"footnotes":""},"categories":[1],"tags":[],"class_list":["post-2665","post","type-post","status-publish","format-standard","has-post-thumbnail","hentry","category-sin-categoria"],"yoast_head":"<!-- This site is optimized with the Yoast SEO plugin v28.3 - https:\/\/yoast.com\/product\/yoast-seo-wordpress\/ -->\n<title>&quot;La nostra aposta \u00e9s igual o m\u00e9s forta que abans&quot; - Marina Empuriabrava<\/title>\n<meta name=\"description\" content=\"Jos\u00e9 Manuel Arrojo, president de la Marina de Ceuta, assegura que actualment estan operant \u201cmolt a prop de la normalitat\u201d.\" \/>\n<meta name=\"robots\" content=\"index, follow, max-snippet:-1, max-image-preview:large, max-video-preview:-1\" \/>\n<link rel=\"canonical\" href=\"https:\/\/marinaempuriabrava.es\/ca\/el-president-del-port-esportiu-de-ceuta-la-nostra-aposta-es-igual-o-mes-forta-que-abans\/\" \/>\n<meta property=\"og:locale\" content=\"ca_ES\" \/>\n<meta property=\"og:type\" content=\"article\" \/>\n<meta property=\"og:title\" content=\"&quot;La nostra aposta \u00e9s igual o m\u00e9s forta que abans&quot; - Marina Empuriabrava\" \/>\n<meta property=\"og:description\" content=\"Jos\u00e9 Manuel Arrojo, president de la Marina de Ceuta, assegura que actualment estan operant \u201cmolt a prop de la normalitat\u201d.\" \/>\n<meta property=\"og:url\" content=\"https:\/\/marinaempuriabrava.es\/ca\/el-president-del-port-esportiu-de-ceuta-la-nostra-aposta-es-igual-o-mes-forta-que-abans\/\" \/>\n<meta property=\"og:site_name\" content=\"Marina Empuriabrava\" \/>\n<meta property=\"article:published_time\" content=\"2026-08-31T15:32:47+00:00\" \/>\n<meta property=\"article:modified_time\" content=\"2026-08-31T15:39:16+00:00\" \/>\n<meta property=\"og:image\" content=\"https:\/\/marinaempuriabrava.es\/wp-content\/uploads\/2026\/08\/Jose-Manuel-Arrojo-Presidente-Nauplia-Capital.jpg\" \/>\n\t<meta property=\"og:image:width\" content=\"874\" \/>\n\t<meta property=\"og:image:height\" content=\"744\" \/>\n\t<meta property=\"og:image:type\" content=\"image\/jpeg\" \/>\n<meta name=\"author\" content=\"admin\" \/>\n<meta name=\"twitter:card\" content=\"summary_large_image\" \/>\n<meta name=\"twitter:label1\" content=\"Escrit per\" \/>\n\t<meta name=\"twitter:data1\" content=\"admin\" \/>\n\t<meta name=\"twitter:label2\" content=\"Temps estimat de lectura\" \/>\n\t<meta name=\"twitter:data2\" content=\"10 minuts\" \/>\n<script type=\"application\/ld+json\" class=\"yoast-schema-graph\">{\"@context\":\"https:\\\/\\\/schema.org\",\"@graph\":[{\"@type\":\"Article\",\"@id\":\"https:\\\/\\\/marinaempuriabrava.es\\\/ca\\\/el-president-del-port-esportiu-de-ceuta-la-nostra-aposta-es-igual-o-mes-forta-que-abans\\\/#article\",\"isPartOf\":{\"@id\":\"https:\\\/\\\/marinaempuriabrava.es\\\/ca\\\/el-president-del-port-esportiu-de-ceuta-la-nostra-aposta-es-igual-o-mes-forta-que-abans\\\/\"},\"author\":{\"name\":\"admin\",\"@id\":\"https:\\\/\\\/marinaempuriabrava.es\\\/ca\\\/#\\\/schema\\\/person\\\/9203051ba8ddfcfbee707f05578e751d\"},\"headline\":\"El president del Port Esportiu de Ceuta: \u201cLa nostra aposta \u00e9s igual o m\u00e9s forta que abans\u201d\",\"datePublished\":\"2026-08-31T15:32:47+00:00\",\"dateModified\":\"2026-08-31T15:39:16+00:00\",\"mainEntityOfPage\":{\"@id\":\"https:\\\/\\\/marinaempuriabrava.es\\\/ca\\\/el-president-del-port-esportiu-de-ceuta-la-nostra-aposta-es-igual-o-mes-forta-que-abans\\\/\"},\"wordCount\":2019,\"publisher\":{\"@id\":\"https:\\\/\\\/marinaempuriabrava.es\\\/ca\\\/#organization\"},\"image\":{\"@id\":\"https:\\\/\\\/marinaempuriabrava.es\\\/ca\\\/el-president-del-port-esportiu-de-ceuta-la-nostra-aposta-es-igual-o-mes-forta-que-abans\\\/#primaryimage\"},\"thumbnailUrl\":\"https:\\\/\\\/marinaempuriabrava.es\\\/wp-content\\\/uploads\\\/2026\\\/08\\\/Jose-Manuel-Arrojo-Presidente-Nauplia-Capital.jpg\",\"articleSection\":[\"Sin categor\u00eda\"],\"inLanguage\":\"ca\"},{\"@type\":\"WebPage\",\"@id\":\"https:\\\/\\\/marinaempuriabrava.es\\\/ca\\\/el-president-del-port-esportiu-de-ceuta-la-nostra-aposta-es-igual-o-mes-forta-que-abans\\\/\",\"url\":\"https:\\\/\\\/marinaempuriabrava.es\\\/ca\\\/el-president-del-port-esportiu-de-ceuta-la-nostra-aposta-es-igual-o-mes-forta-que-abans\\\/\",\"name\":\"\\\"La nostra aposta \u00e9s igual o m\u00e9s forta que abans\\\" - Marina Empuriabrava\",\"isPartOf\":{\"@id\":\"https:\\\/\\\/marinaempuriabrava.es\\\/ca\\\/#website\"},\"primaryImageOfPage\":{\"@id\":\"https:\\\/\\\/marinaempuriabrava.es\\\/ca\\\/el-president-del-port-esportiu-de-ceuta-la-nostra-aposta-es-igual-o-mes-forta-que-abans\\\/#primaryimage\"},\"image\":{\"@id\":\"https:\\\/\\\/marinaempuriabrava.es\\\/ca\\\/el-president-del-port-esportiu-de-ceuta-la-nostra-aposta-es-igual-o-mes-forta-que-abans\\\/#primaryimage\"},\"thumbnailUrl\":\"https:\\\/\\\/marinaempuriabrava.es\\\/wp-content\\\/uploads\\\/2026\\\/08\\\/Jose-Manuel-Arrojo-Presidente-Nauplia-Capital.jpg\",\"datePublished\":\"2026-08-31T15:32:47+00:00\",\"dateModified\":\"2026-08-31T15:39:16+00:00\",\"description\":\"Jos\u00e9 Manuel Arrojo, president de la Marina de Ceuta, assegura que actualment estan operant \u201cmolt a prop de la normalitat\u201d.\",\"breadcrumb\":{\"@id\":\"https:\\\/\\\/marinaempuriabrava.es\\\/ca\\\/el-president-del-port-esportiu-de-ceuta-la-nostra-aposta-es-igual-o-mes-forta-que-abans\\\/#breadcrumb\"},\"inLanguage\":\"ca\",\"potentialAction\":[{\"@type\":\"ReadAction\",\"target\":[\"https:\\\/\\\/marinaempuriabrava.es\\\/ca\\\/el-president-del-port-esportiu-de-ceuta-la-nostra-aposta-es-igual-o-mes-forta-que-abans\\\/\"]}]},{\"@type\":\"ImageObject\",\"inLanguage\":\"ca\",\"@id\":\"https:\\\/\\\/marinaempuriabrava.es\\\/ca\\\/el-president-del-port-esportiu-de-ceuta-la-nostra-aposta-es-igual-o-mes-forta-que-abans\\\/#primaryimage\",\"url\":\"https:\\\/\\\/marinaempuriabrava.es\\\/wp-content\\\/uploads\\\/2026\\\/08\\\/Jose-Manuel-Arrojo-Presidente-Nauplia-Capital.jpg\",\"contentUrl\":\"https:\\\/\\\/marinaempuriabrava.es\\\/wp-content\\\/uploads\\\/2026\\\/08\\\/Jose-Manuel-Arrojo-Presidente-Nauplia-Capital.jpg\",\"width\":874,\"height\":744,\"caption\":\"Jos\u00e9 Manuel Arrojo president grup Nauplia\"},{\"@type\":\"BreadcrumbList\",\"@id\":\"https:\\\/\\\/marinaempuriabrava.es\\\/ca\\\/el-president-del-port-esportiu-de-ceuta-la-nostra-aposta-es-igual-o-mes-forta-que-abans\\\/#breadcrumb\",\"itemListElement\":[{\"@type\":\"ListItem\",\"position\":1,\"name\":\"Portada\",\"item\":\"https:\\\/\\\/marinaempuriabrava.es\\\/ca\\\/home\\\/\"},{\"@type\":\"ListItem\",\"position\":2,\"name\":\"El president del Port Esportiu de Ceuta: \u201cLa nostra aposta \u00e9s igual o m\u00e9s forta que abans\u201d\"}]},{\"@type\":\"WebSite\",\"@id\":\"https:\\\/\\\/marinaempuriabrava.es\\\/ca\\\/#website\",\"url\":\"https:\\\/\\\/marinaempuriabrava.es\\\/ca\\\/\",\"name\":\"Marina Empuriabrava\",\"description\":\"Un puerto diferente en plena Costa Brava\",\"publisher\":{\"@id\":\"https:\\\/\\\/marinaempuriabrava.es\\\/ca\\\/#organization\"},\"potentialAction\":[{\"@type\":\"SearchAction\",\"target\":{\"@type\":\"EntryPoint\",\"urlTemplate\":\"https:\\\/\\\/marinaempuriabrava.es\\\/ca\\\/?s={search_term_string}\"},\"query-input\":{\"@type\":\"PropertyValueSpecification\",\"valueRequired\":true,\"valueName\":\"search_term_string\"}}],\"inLanguage\":\"ca\"},{\"@type\":\"Organization\",\"@id\":\"https:\\\/\\\/marinaempuriabrava.es\\\/ca\\\/#organization\",\"name\":\"Marina Empuriabrava\",\"url\":\"https:\\\/\\\/marinaempuriabrava.es\\\/ca\\\/\",\"logo\":{\"@type\":\"ImageObject\",\"inLanguage\":\"ca\",\"@id\":\"https:\\\/\\\/marinaempuriabrava.es\\\/ca\\\/#\\\/schema\\\/logo\\\/image\\\/\",\"url\":\"https:\\\/\\\/marinaempuriabrava.es\\\/wp-content\\\/uploads\\\/2025\\\/07\\\/Logo_Final_Empuriabrava_RGB_Logo-Principal-Marina-Empuriabrava.svg\",\"contentUrl\":\"https:\\\/\\\/marinaempuriabrava.es\\\/wp-content\\\/uploads\\\/2025\\\/07\\\/Logo_Final_Empuriabrava_RGB_Logo-Principal-Marina-Empuriabrava.svg\",\"width\":1200,\"height\":1200,\"caption\":\"Marina Empuriabrava\"},\"image\":{\"@id\":\"https:\\\/\\\/marinaempuriabrava.es\\\/ca\\\/#\\\/schema\\\/logo\\\/image\\\/\"}},{\"@type\":\"Person\",\"@id\":\"https:\\\/\\\/marinaempuriabrava.es\\\/ca\\\/#\\\/schema\\\/person\\\/9203051ba8ddfcfbee707f05578e751d\",\"name\":\"admin\",\"image\":{\"@type\":\"ImageObject\",\"inLanguage\":\"ca\",\"@id\":\"https:\\\/\\\/secure.gravatar.com\\\/avatar\\\/8861d30f5ade6f59b698b2415cf8686a1ae6c34f374746decfd1b06be813d468?s=96&d=mm&r=g\",\"url\":\"https:\\\/\\\/secure.gravatar.com\\\/avatar\\\/8861d30f5ade6f59b698b2415cf8686a1ae6c34f374746decfd1b06be813d468?s=96&d=mm&r=g\",\"contentUrl\":\"https:\\\/\\\/secure.gravatar.com\\\/avatar\\\/8861d30f5ade6f59b698b2415cf8686a1ae6c34f374746decfd1b06be813d468?s=96&d=mm&r=g\",\"caption\":\"admin\"},\"sameAs\":[\"https:\\\/\\\/marinaempuriabrava.es\"],\"url\":\"https:\\\/\\\/marinaempuriabrava.es\\\/ca\\\/author\\\/admin\\\/\"}]}<\/script>\n<!-- \/ Yoast SEO plugin. -->","yoast_head_json":{"title":"\"La nostra aposta \u00e9s igual o m\u00e9s forta que abans\" - Marina Empuriabrava","description":"Jos\u00e9 Manuel Arrojo, president de la Marina de Ceuta, assegura que actualment estan operant \u201cmolt a prop de la normalitat\u201d.","robots":{"index":"index","follow":"follow","max-snippet":"max-snippet:-1","max-image-preview":"max-image-preview:large","max-video-preview":"max-video-preview:-1"},"canonical":"https:\/\/marinaempuriabrava.es\/ca\/el-president-del-port-esportiu-de-ceuta-la-nostra-aposta-es-igual-o-mes-forta-que-abans\/","og_locale":"ca_ES","og_type":"article","og_title":"\"La nostra aposta \u00e9s igual o m\u00e9s forta que abans\" - Marina Empuriabrava","og_description":"Jos\u00e9 Manuel Arrojo, president de la Marina de Ceuta, assegura que actualment estan operant \u201cmolt a prop de la normalitat\u201d.","og_url":"https:\/\/marinaempuriabrava.es\/ca\/el-president-del-port-esportiu-de-ceuta-la-nostra-aposta-es-igual-o-mes-forta-que-abans\/","og_site_name":"Marina Empuriabrava","article_published_time":"2026-08-31T15:32:47+00:00","article_modified_time":"2026-08-31T15:39:16+00:00","og_image":[{"width":874,"height":744,"url":"https:\/\/marinaempuriabrava.es\/wp-content\/uploads\/2026\/08\/Jose-Manuel-Arrojo-Presidente-Nauplia-Capital.jpg","type":"image\/jpeg"}],"author":"admin","twitter_card":"summary_large_image","twitter_misc":{"Escrit per":"admin","Temps estimat de lectura":"10 minuts"},"schema":{"@context":"https:\/\/schema.org","@graph":[{"@type":"Article","@id":"https:\/\/marinaempuriabrava.es\/ca\/el-president-del-port-esportiu-de-ceuta-la-nostra-aposta-es-igual-o-mes-forta-que-abans\/#article","isPartOf":{"@id":"https:\/\/marinaempuriabrava.es\/ca\/el-president-del-port-esportiu-de-ceuta-la-nostra-aposta-es-igual-o-mes-forta-que-abans\/"},"author":{"name":"admin","@id":"https:\/\/marinaempuriabrava.es\/ca\/#\/schema\/person\/9203051ba8ddfcfbee707f05578e751d"},"headline":"El president del Port Esportiu de Ceuta: \u201cLa nostra aposta \u00e9s igual o m\u00e9s forta que abans\u201d","datePublished":"2026-08-31T15:32:47+00:00","dateModified":"2026-08-31T15:39:16+00:00","mainEntityOfPage":{"@id":"https:\/\/marinaempuriabrava.es\/ca\/el-president-del-port-esportiu-de-ceuta-la-nostra-aposta-es-igual-o-mes-forta-que-abans\/"},"wordCount":2019,"publisher":{"@id":"https:\/\/marinaempuriabrava.es\/ca\/#organization"},"image":{"@id":"https:\/\/marinaempuriabrava.es\/ca\/el-president-del-port-esportiu-de-ceuta-la-nostra-aposta-es-igual-o-mes-forta-que-abans\/#primaryimage"},"thumbnailUrl":"https:\/\/marinaempuriabrava.es\/wp-content\/uploads\/2026\/08\/Jose-Manuel-Arrojo-Presidente-Nauplia-Capital.jpg","articleSection":["Sin categor\u00eda"],"inLanguage":"ca"},{"@type":"WebPage","@id":"https:\/\/marinaempuriabrava.es\/ca\/el-president-del-port-esportiu-de-ceuta-la-nostra-aposta-es-igual-o-mes-forta-que-abans\/","url":"https:\/\/marinaempuriabrava.es\/ca\/el-president-del-port-esportiu-de-ceuta-la-nostra-aposta-es-igual-o-mes-forta-que-abans\/","name":"\"La nostra aposta \u00e9s igual o m\u00e9s forta que abans\" - Marina Empuriabrava","isPartOf":{"@id":"https:\/\/marinaempuriabrava.es\/ca\/#website"},"primaryImageOfPage":{"@id":"https:\/\/marinaempuriabrava.es\/ca\/el-president-del-port-esportiu-de-ceuta-la-nostra-aposta-es-igual-o-mes-forta-que-abans\/#primaryimage"},"image":{"@id":"https:\/\/marinaempuriabrava.es\/ca\/el-president-del-port-esportiu-de-ceuta-la-nostra-aposta-es-igual-o-mes-forta-que-abans\/#primaryimage"},"thumbnailUrl":"https:\/\/marinaempuriabrava.es\/wp-content\/uploads\/2026\/08\/Jose-Manuel-Arrojo-Presidente-Nauplia-Capital.jpg","datePublished":"2026-08-31T15:32:47+00:00","dateModified":"2026-08-31T15:39:16+00:00","description":"Jos\u00e9 Manuel Arrojo, president de la Marina de Ceuta, assegura que actualment estan operant \u201cmolt a prop de la normalitat\u201d.","breadcrumb":{"@id":"https:\/\/marinaempuriabrava.es\/ca\/el-president-del-port-esportiu-de-ceuta-la-nostra-aposta-es-igual-o-mes-forta-que-abans\/#breadcrumb"},"inLanguage":"ca","potentialAction":[{"@type":"ReadAction","target":["https:\/\/marinaempuriabrava.es\/ca\/el-president-del-port-esportiu-de-ceuta-la-nostra-aposta-es-igual-o-mes-forta-que-abans\/"]}]},{"@type":"ImageObject","inLanguage":"ca","@id":"https:\/\/marinaempuriabrava.es\/ca\/el-president-del-port-esportiu-de-ceuta-la-nostra-aposta-es-igual-o-mes-forta-que-abans\/#primaryimage","url":"https:\/\/marinaempuriabrava.es\/wp-content\/uploads\/2026\/08\/Jose-Manuel-Arrojo-Presidente-Nauplia-Capital.jpg","contentUrl":"https:\/\/marinaempuriabrava.es\/wp-content\/uploads\/2026\/08\/Jose-Manuel-Arrojo-Presidente-Nauplia-Capital.jpg","width":874,"height":744,"caption":"Jos\u00e9 Manuel Arrojo president grup Nauplia"},{"@type":"BreadcrumbList","@id":"https:\/\/marinaempuriabrava.es\/ca\/el-president-del-port-esportiu-de-ceuta-la-nostra-aposta-es-igual-o-mes-forta-que-abans\/#breadcrumb","itemListElement":[{"@type":"ListItem","position":1,"name":"Portada","item":"https:\/\/marinaempuriabrava.es\/ca\/home\/"},{"@type":"ListItem","position":2,"name":"El president del Port Esportiu de Ceuta: \u201cLa nostra aposta \u00e9s igual o m\u00e9s forta que abans\u201d"}]},{"@type":"WebSite","@id":"https:\/\/marinaempuriabrava.es\/ca\/#website","url":"https:\/\/marinaempuriabrava.es\/ca\/","name":"Marina Empuriabrava","description":"Un puerto diferente en plena Costa Brava","publisher":{"@id":"https:\/\/marinaempuriabrava.es\/ca\/#organization"},"potentialAction":[{"@type":"SearchAction","target":{"@type":"EntryPoint","urlTemplate":"https:\/\/marinaempuriabrava.es\/ca\/?s={search_term_string}"},"query-input":{"@type":"PropertyValueSpecification","valueRequired":true,"valueName":"search_term_string"}}],"inLanguage":"ca"},{"@type":"Organization","@id":"https:\/\/marinaempuriabrava.es\/ca\/#organization","name":"Marina Empuriabrava","url":"https:\/\/marinaempuriabrava.es\/ca\/","logo":{"@type":"ImageObject","inLanguage":"ca","@id":"https:\/\/marinaempuriabrava.es\/ca\/#\/schema\/logo\/image\/","url":"https:\/\/marinaempuriabrava.es\/wp-content\/uploads\/2025\/07\/Logo_Final_Empuriabrava_RGB_Logo-Principal-Marina-Empuriabrava.svg","contentUrl":"https:\/\/marinaempuriabrava.es\/wp-content\/uploads\/2025\/07\/Logo_Final_Empuriabrava_RGB_Logo-Principal-Marina-Empuriabrava.svg","width":1200,"height":1200,"caption":"Marina Empuriabrava"},"image":{"@id":"https:\/\/marinaempuriabrava.es\/ca\/#\/schema\/logo\/image\/"}},{"@type":"Person","@id":"https:\/\/marinaempuriabrava.es\/ca\/#\/schema\/person\/9203051ba8ddfcfbee707f05578e751d","name":"admin","image":{"@type":"ImageObject","inLanguage":"ca","@id":"https:\/\/secure.gravatar.com\/avatar\/8861d30f5ade6f59b698b2415cf8686a1ae6c34f374746decfd1b06be813d468?s=96&d=mm&r=g","url":"https:\/\/secure.gravatar.com\/avatar\/8861d30f5ade6f59b698b2415cf8686a1ae6c34f374746decfd1b06be813d468?s=96&d=mm&r=g","contentUrl":"https:\/\/secure.gravatar.com\/avatar\/8861d30f5ade6f59b698b2415cf8686a1ae6c34f374746decfd1b06be813d468?s=96&d=mm&r=g","caption":"admin"},"sameAs":["https:\/\/marinaempuriabrava.es"],"url":"https:\/\/marinaempuriabrava.es\/ca\/author\/admin\/"}]}},"_links":{"self":[{"href":"https:\/\/marinaempuriabrava.es\/ca\/wp-json\/wp\/v2\/posts\/2665","targetHints":{"allow":["GET"]}}],"collection":[{"href":"https:\/\/marinaempuriabrava.es\/ca\/wp-json\/wp\/v2\/posts"}],"about":[{"href":"https:\/\/marinaempuriabrava.es\/ca\/wp-json\/wp\/v2\/types\/post"}],"author":[{"embeddable":true,"href":"https:\/\/marinaempuriabrava.es\/ca\/wp-json\/wp\/v2\/users\/1"}],"replies":[{"embeddable":true,"href":"https:\/\/marinaempuriabrava.es\/ca\/wp-json\/wp\/v2\/comments?post=2665"}],"version-history":[{"count":2,"href":"https:\/\/marinaempuriabrava.es\/ca\/wp-json\/wp\/v2\/posts\/2665\/revisions"}],"predecessor-version":[{"id":2668,"href":"https:\/\/marinaempuriabrava.es\/ca\/wp-json\/wp\/v2\/posts\/2665\/revisions\/2668"}],"wp:featuredmedia":[{"embeddable":true,"href":"https:\/\/marinaempuriabrava.es\/ca\/wp-json\/wp\/v2\/media\/2666"}],"wp:attachment":[{"href":"https:\/\/marinaempuriabrava.es\/ca\/wp-json\/wp\/v2\/media?parent=2665"}],"wp:term":[{"taxonomy":"category","embeddable":true,"href":"https:\/\/marinaempuriabrava.es\/ca\/wp-json\/wp\/v2\/categories?post=2665"},{"taxonomy":"post_tag","embeddable":true,"href":"https:\/\/marinaempuriabrava.es\/ca\/wp-json\/wp\/v2\/tags?post=2665"}],"curies":[{"name":"wp","href":"https:\/\/api.w.org\/{rel}","templated":true}]}}