{"id":2669,"date":"2026-08-31T17:32:47","date_gmt":"2026-08-31T15:32:47","guid":{"rendered":"https:\/\/marinaempuriabrava.es\/der-vorsitzende-des-yachthafens-von-ceuta-unser-engagement-ist-genauso-stark-wie-zuvor-wenn-nicht-sogar-noch-staerker\/"},"modified":"2026-08-31T17:39:20","modified_gmt":"2026-08-31T15:39:20","slug":"der-vorsitzende-des-yachthafens-von-ceuta-unser-engagement-ist-genauso-stark-wie-zuvor-wenn-nicht-sogar-noch-staerker","status":"publish","type":"post","link":"https:\/\/marinaempuriabrava.es\/de\/der-vorsitzende-des-yachthafens-von-ceuta-unser-engagement-ist-genauso-stark-wie-zuvor-wenn-nicht-sogar-noch-staerker\/","title":{"rendered":"Der Vorsitzende des Yachthafens von Ceuta: \u201eUnser Engagement ist genauso stark wie zuvor \u2013 wenn nicht sogar noch st\u00e4rker.\u201c"},"content":{"rendered":"\t\t<div data-elementor-type=\"wp-post\" data-elementor-id=\"2669\" class=\"elementor elementor-2669 elementor-2652\" data-elementor-post-type=\"post\">\n\t\t\t\t<div class=\"elementor-element elementor-element-a7f3da4 e-flex e-con-boxed e-con e-parent\" data-id=\"a7f3da4\" data-element_type=\"container\" data-e-type=\"container\">\n\t\t\t\t\t<div class=\"e-con-inner\">\n\t\t\t\t<div class=\"elementor-element elementor-element-4bc066d elementor-widget elementor-widget-text-editor\" data-id=\"4bc066d\" data-element_type=\"widget\" data-e-type=\"widget\" data-widget_type=\"text-editor.default\">\n\t\t\t\t\t\t\t\t\t<h5>Artikel aus <a href=\"https:\/\/www.elpueblodeceuta.es\/sec\/economia\/presidente-puerto-deportivo-ceuta-apuesta_1_1186712.html\" target=\"_blank\" rel=\"noopener\">\u201eEl Pueblo de Ceuta\u201c<\/a>, verfasst von: Gabriela Sard\u00e1<\/h5>\t\t\t\t\t\t\t\t<\/div>\n\t\t\t\t<div class=\"elementor-element elementor-element-47b50cd elementor-widget elementor-widget-text-editor\" data-id=\"47b50cd\" data-element_type=\"widget\" data-e-type=\"widget\" data-widget_type=\"text-editor.default\">\n\t\t\t\t\t\t\t\t\t<p>Jos\u00e9 Manuel Arrojo ist Gesch\u00e4ftsf\u00fchrer von Nauplia Capital, das bis 2051 die Konzession f\u00fcr die Marina H\u00e9rcules besitzt, und versichert, dass der Betrieb derzeit \u201enahezu wie vor der \u201aInvasion\u2018\u201c ablaufe. Die Investition in H\u00f6he von fast 7 Millionen Euro bleibt bestehen. <\/p>\t\t\t\t\t\t\t\t<\/div>\n\t\t\t\t<div class=\"elementor-element elementor-element-fbf8c9c elementor-widget elementor-widget-spacer\" data-id=\"fbf8c9c\" data-element_type=\"widget\" data-e-type=\"widget\" data-widget_type=\"spacer.default\">\n\t\t\t\t\t\t\t<div class=\"elementor-spacer\">\n\t\t\t<div class=\"elementor-spacer-inner\"><\/div>\n\t\t<\/div>\n\t\t\t\t\t\t<\/div>\n\t\t\t\t<div class=\"elementor-element elementor-element-4856aae elementor-widget elementor-widget-text-editor\" data-id=\"4856aae\" data-element_type=\"widget\" data-e-type=\"widget\" data-widget_type=\"text-editor.default\">\n\t\t\t\t\t\t\t\t\t<p class=\"paragraph-atom B-550-500-700-N B-550-500-700-N--md\"><span style=\"color: #999999\"><span class=\"place\">Ceuta\/<\/span> <\/span>Jos\u00e9 Manuel Arrojo mag Ceuta. Das sagt er gleich zu Beginn des Gespr\u00e4chs und wiederholt es in der einen oder anderen Form im Laufe des Interviews, das er der Zeitung \u201eEl Pueblo de Ceuta\u201c gew\u00e4hrt, um die Zukunft zu skizzieren, die er als Investor in der Stadt nach der marokkanischen Invasion vor Augen hat. Der Vorsitzende und Gesch\u00e4ftsf\u00fchrer von Nauplia Capital, dem Unternehmen, das den Yachthafen Marina H\u00e9rcules verwaltet, kam im Jahr 2024 in die Stadt, als das Unternehmen 100 % der Anteile an der Anlage erwarb, um eine \u201etiefgreifende Umgestaltung\u201c in Angriff zu nehmen.  <\/p><p class=\"paragraph-atom B-550-500-700-N B-550-500-700-N--md\">Seitdem hat das Unternehmen einen Gro\u00dfteil der Belegschaft erneuert, die Dienstleistungen und die Infrastruktur verbessert und ein ehrgeiziges Investitionsprojekt vorbereitet, um den Yachthafen zu einer der touristischen Vorzeigeattraktionen der Stadt zu machen. Bislang belaufen sich die Investitionen nach eigenen Sch\u00e4tzungen auf \u00fcber eine Million Euro, wobei dieser Betrag weiter steigen wird. Das Unternehmen verf\u00fcgt \u00fcber die finanziellen Mittel zur Umsetzung eines Projekts im Umfang von \u00fcber sechs Millionen Euro, wobei sich die Investition im Zuge einer noch zu konkretisierenden neuen Konzession auf bis zu 7,5 Millionen Euro erh\u00f6hen k\u00f6nnte. Es fehlt lediglich noch die Baugenehmigung. Die Ereignisse vom 30. Juli in Tarajal haben weder ihm noch seinem Team die Motivation genommen. \u201eUnser Engagement ist genauso stark wie zuvor, wenn nicht sogar noch st\u00e4rker\u201c, betont er.     <\/p><p class=\"paragraph-atom B-550-500-700-N B-550-500-700-N--md\"><strong>Frage: Welche Verbindung haben Sie zu Ceuta? Wie hat alles angefangen?<\/strong><\/p><p class=\"paragraph-atom B-550-500-700-N B-550-500-700-N--md\">A.: Ich hatte zuvor noch nie etwas mit Ceuta zu tun gehabt, bis mir durch einen Kontakt eines meiner Gesch\u00e4ftspartner eine Person vorgestellt wurde, die mich fragte, ob ich Interesse am Hafen von Ceuta h\u00e4tte. Wir besa\u00dfen zu diesem Zeitpunkt bereits f\u00fcnf oder sechs H\u00e4fen, und ich antwortete ihr, dass ich mir die Sache erst einmal ansehen m\u00fcsse.<\/p><aside id=\"id-1000053-advertising--desktop\" class=\"advertising--desktop\" data-ad-type=\"list\"><div class=\"advertising html list\"> <\/div><\/aside><p class=\"paragraph-atom B-550-500-700-N B-550-500-700-N--md\">Damals war ich in Ceuta und lernte die fr\u00fcheren Eigent\u00fcmer des Yachthafens kennen. Ehrlich gesagt war der Hafen stark vernachl\u00e4ssigt, hatte aber gro\u00dfes Potenzial. Im Jahr 2024 einigten wir uns, erwarben 100 % der Anteile am Yachthafen und erstellten \u2013 wie bei allen von uns erworbenen Yachth\u00e4fen \u00fcblich \u2013 ein Projekt, um ihn in jeder Hinsicht erheblich zu verbessern. Dies betraf die Infrastruktur, das Personal \u2013 das ebenfalls viel Aufmerksamkeit erforderte \u2013 sowie die Nutzer, f\u00fcr die der Service meiner Meinung nach unzureichend oder mangelhaft war.   <\/p><p class=\"paragraph-atom B-550-500-700-N B-550-500-700-N--md\">Ich traf mich mit dem Vertreter der Nutzer, und wir konnten uns einigen. Der entscheidende Punkt \u2013 und ich halte dies f\u00fcr einen Volltreffer \u2013 war die Ernennung von Mehdi zum Hafenleiter. Abgesehen von seiner Ausbildung ist er ein Mann mit viel Tatendrang \u2013 genau das, was ich brauchte. Mein erster Besuch diente also dazu, den Hafen kennenzulernen und mich mit den fr\u00fcheren Eigent\u00fcmern zu treffen; danach bin ich noch zahlreiche Male dorthin gereist. Ich reiste noch zweimal dorthin, bis wir den Kaufvertrag unterzeichneten, und danach war ich praktisch jeden Monat vor Ort. Und nachdem Mehdi die Leitung \u00fcbernommen hatte, reiste ich viertelj\u00e4hrlich an, um mich mit der Hafenbeh\u00f6rde zu treffen, die uns, wie ich sagen muss, stets unterst\u00fctzt hat und eine wirklich entscheidende Rolle dabei gespielt hat, uns die Umsetzung des Projekts zu erleichtern.     <\/p><p class=\"paragraph-atom B-550-500-700-N B-550-500-700-N--md\">Und dann mit dem B\u00fcrgermeister der Stadt und dem gesamten Team. Mit den verschiedenen Ratsmitgliedern, zu denen wir ebenfalls eine sehr enge und kooperative Beziehung gepflegt haben. Wir haben uns in Ceuta stets sehr gut behandelt gef\u00fchlt, und im Gegenzug haben wir uns zu einem Investitionsprojekt verpflichtet, um den Hafen grundlegend umzugestalten. Wir sind der Ansicht, dass der Hafen eines der Aush\u00e4ngeschilder der Stadt ist. Da gibt es zum einen den Handelshafen und zum anderen den touristischen Aspekt. Zudem handelt es sich um eine Art von Tourismus mit einer \u00fcberdurchschnittlich hohen Kaufkraft. Wir wollten einen Hafen schaffen, der den Anspr\u00fcchen Ceutas gerecht wird, und daran arbeiten wir derzeit.      <\/p><p class=\"paragraph-atom B-550-500-700-N B-550-500-700-N--md\"><strong>Frage: Und was war bis dahin, vor der Krise, im Hafen von Ceuta in Bezug auf Personal, Infrastruktur und Kunden erreicht worden?<\/strong><\/p><p class=\"paragraph-atom B-550-500-700-N B-550-500-700-N--md\">A.: Wir haben praktisch die gesamte Belegschaft ausgetauscht; wir haben einen neuen Werftleiter eingestellt, einen Stellvertreter, einen Bootsmann sowie die Verwaltungsleiterin, und wir haben praktisch alle \u00fcbrigen Seeleute ausgetauscht. Auch den Direktor. Das hei\u00dft, es handelte sich um eine vollst\u00e4ndige Umgestaltung, und ich glaube, um eine radikale Ver\u00e4nderung im Hinblick auf die Kunden.<\/p><p class=\"paragraph-atom B-550-500-700-N B-550-500-700-N--md\">Es gab eine Kontroverse dar\u00fcber, wie die Geb\u00fchren berechnet wurden, wie den Kunden Monat f\u00fcr Monat Geb\u00fchren auf der Grundlage von Messungen in Rechnung gestellt wurden, die nach L\u00e4nge, Breite und dergleichen vorgenommen worden waren, und wir einigten uns darauf, die Konzessionsbedingungen so zu \u00e4ndern, dass die Geb\u00fchren nun nach Liegepl\u00e4tzen berechnet werden, und eine \u00dcbergangsphase zwischen dem bisherigen und dem neuen System einzurichten. Damit konnten wir die Situation beruhigen. Au\u00dferdem haben wir die Parkgeb\u00fchren gesenkt, um Ihnen den Zugang zu erleichtern. Und schlie\u00dflich haben wir einige Verbesserungen an der Infrastruktur vorgenommen, insbesondere an der Werft: Wir haben einen neuen Travel-Lift angeschafft, da der alte sehr viele Probleme bereitete.   <\/p><p class=\"paragraph-atom B-550-500-700-N B-550-500-700-N--md\">Wir haben au\u00dferdem einen Gabelstapler angeschafft, um die Boote anzuheben und innerhalb der Werft zu bewegen. Wir haben Vereinbarungen mit dem CAS getroffen. Das Projekt befindet sich noch in der Entwicklung, doch wir w\u00fcrden es begr\u00fc\u00dfen, wenn der CAS (Real Club N\u00e1utico) als Vermittler f\u00fcr alle von uns gef\u00f6rderten Wassersportaktivit\u00e4ten fungieren w\u00fcrde. Auf diese Weise m\u00f6chten wir unsere Nachbarschaft nutzen und unseren Nutzern die M\u00f6glichkeit bieten, die Einrichtungen des CAS zu nutzen, falls dies f\u00fcr sie von Interesse sein sollte. Wir haben mit der Stadtverwaltung von Madrid zusammengearbeitet und eine Kampagne durchgef\u00fchrt, um Boote, die auf der Halbinsel unterwegs sind, nach Ceuta zu bringen.    <\/p><p class=\"paragraph-atom B-550-500-700-N B-550-500-700-N--md\">Wir haben mit allen H\u00e4fen im s\u00fcdlichen Mittelmeer Vereinbarungen \u00fcber die Organisation von Regatten und Rallyes getroffen.<\/p><p class=\"paragraph-atom B-550-500-700-N B-550-500-700-N--md\"><strong>Frage: Sie kommen im Jahr 2024 nach Ceuta, zu einem Zeitpunkt, an dem die Autonome Stadt bereits seit Jahren gezielt auf den Wassersporttourismus setzt, um die Wirtschaft zu diversifizieren. Und pl\u00f6tzlich geschieht am 30. Juli dieses Jahres das, was geschieht. Wie wird Ihnen das Ausma\u00df dessen bewusst, was gerade geschehen ist?<\/strong><\/p><p class=\"paragraph-atom B-550-500-700-N B-550-500-700-N--md\"><strong>Antwort:<\/strong> Das war ein Schock. Als spanischer Staatsb\u00fcrger zu erleben, wie die Grenzen des eigenen Landes \u00fcberschritten werden und eine gro\u00dfe Anzahl von Menschen unkontrolliert und wahllos ins Land str\u00f6mt, l\u00f6st zun\u00e4chst ein Gef\u00fchl des Schocks aus und anschlie\u00dfend Ungl\u00e4ubigkeit dar\u00fcber, dass die spanische Regierung nicht mit den geeigneten Mitteln reagiert hat, um dies zu verhindern. Zumindest nachdem es einmal geschehen ist, sollte daf\u00fcr gesorgt werden, dass alle illegalen Einwanderer aus Ceuta ausgewiesen werden.  <\/p><p class=\"paragraph-atom B-550-500-700-N B-550-500-700-N--md\">Mittlerweile sind deutlich mehr Einsatzkr\u00e4fte auf den Stra\u00dfen im Einsatz, dennoch halten sich die irregul\u00e4ren Migranten weiterhin an den Str\u00e4nden, in Gesch\u00e4ften und in provisorischen Lagern auf den Stra\u00dfen auf. Es gibt Einrichtungen, die f\u00fcr solche F\u00e4lle vorgesehen sind, die jedoch nicht genutzt werden. Es handelt sich wirklich um eine Situation, in der sich \u00dcberraschung mit Ungl\u00e4ubigkeit \u00fcber das Fehlen einer angemessenen Reaktion auf die Geschehnisse vermischt.  <\/p><p class=\"paragraph-atom B-550-500-700-N B-550-500-700-N--md\"><strong>Frage: Und was den Hafen und alle anstehenden Projekte betrifft \u2013 bedeutet dies, dass diese vorerst auf Eis gelegt werden, oder beabsichtigen Sie, alles wieder aufzunehmen, sobald sich die Lage normalisiert hat?<\/strong><\/p><p class=\"paragraph-atom B-550-500-700-N B-550-500-700-N--md\">A.: Wir investieren \u00fcber einen Zeitraum von 25 Jahren in die H\u00e4fen. Unsere Konzession l\u00e4uft bis zum Jahr 52. Uns bleiben also noch 26 Jahre. Unser Engagement ist genauso stark wie zuvor, wenn nicht sogar noch st\u00e4rker. Und tats\u00e4chlich haben wir neben dem Hafen neue Projekte, die wir gerne innerhalb der Stadt umsetzen m\u00f6chten, und wir werden uns daf\u00fcr einsetzen. Ich bin der Ansicht, dass man von der Stadt nicht mehr verlangen kann, als sie bereits getan hat, da dies nicht in ihrer Macht steht. Es ist jedoch wichtig, diese Situation mit Blick auf die Zukunft zu l\u00f6sen. Ich tue dies zum Wohle der B\u00fcrger von Ceuta.<\/p><p class=\"paragraph-atom B-550-500-700-N B-550-500-700-N--md\">Wir als Hafen haben die Sicherheitsvorkehrungen verst\u00e4rkt, um zu verhindern, dass irregul\u00e4re Migranten in unseren Hafen eindringen und dass \u00fcberhaupt welche hereinkommen. Es kam zu einigen Absagen von Schiffsanl\u00e4ufen, was angesichts der Nachrichtenlage normal ist, doch der Betrieb wurde umgehend wieder aufgenommen. Das hei\u00dft, der Hafen arbeitet zwar nicht ganz so normal wie vor dem Zustrom, aber doch sehr nahe an der Normalit\u00e4t. Unsererseits, als Unternehmer und als F\u00f6rderer des Hafens, m\u00f6chten wir unser Projekt zum Abschluss bringen.   <\/p><p class=\"paragraph-atom B-550-500-700-N B-550-500-700-N--md\">Nun, wir m\u00f6chten damit beginnen. Wir warten darauf, dass die Stadtverwaltung uns endlich die Baugenehmigung erteilt. Wir warten schon sehr lange darauf, aber wir haben ein Projekt, das wirklich bahnbrechend ist, und wir werden ein Geb\u00e4ude errichten, das zu einem Wahrzeichen der Stadt Ceuta werden wird, und wir werden den Hafen von Grund auf ver\u00e4ndern.  <\/p><p class=\"paragraph-atom B-550-500-700-N B-550-500-700-N--md\">Wir ben\u00f6tigen lediglich eine Genehmigung. Wir verf\u00fcgen \u00fcber alle erforderlichen Mittel, die bereitstehen, um investiert zu werden und das bereits vorgestellte Projekt umzusetzen.   <\/p><p class=\"paragraph-atom B-550-500-700-N B-550-500-700-N--md\"><strong>Frage: Was wird also zu 100 % weitergef\u00fchrt?<\/strong><\/p><p class=\"paragraph-atom B-550-500-700-N B-550-500-700-N--md\"><strong>Antwort:<\/strong> Zu 100 %, und sollten wir noch weitere Konzessionen erhalten k\u00f6nnen, werden wir dies tun.<\/p><p class=\"paragraph-atom B-550-500-700-N B-550-500-700-N--md\"><strong>Frage: Welche Investitionen haben Sie bisher get\u00e4tigt?<\/strong><\/p><p class=\"paragraph-atom B-550-500-700-N B-550-500-700-N--md\"><strong>A.:<\/strong> Unsere Investition bel\u00e4uft sich auf \u00fcber 6 Millionen Euro. Und wenn wir dies mit einer weiteren Konzession kombinieren, auf die wir noch warten, werden wir sicherlich auf etwa 7,5 Millionen Euro kommen. Im Jahr 2024 haben wir rund eine Million Euro investiert. Dabei haben wir jedoch lediglich die bestehenden Strukturen verbessert, ohne sie grundlegend umzugestalten. Die 6 Millionen werden den Hafen grundlegend umgestalten.    <\/p><p class=\"paragraph-atom B-550-500-700-N B-550-500-700-N--md\">Wir verf\u00fcgen nun \u00fcber 5.000 Quadratmeter vermarktbare Gewerbefl\u00e4che. Die Mietvertr\u00e4ge mit den Mietern wurden bereits vor anderthalb Jahren unterzeichnet. Das gesamte Geb\u00e4ude ist vorvermietet, und die meisten der noch zu errichtenden Gewerbeeinheiten sind bereits fast vorvermietet.  <\/p><p class=\"paragraph-atom B-550-500-700-N B-550-500-700-N--md\">Das Interesse ist gro\u00df, da es sich um einen privilegierten Standort in der Stadt handelt. Wir warten nun nur noch darauf, dass uns die Baugenehmigung erteilt wird, damit wir so bald wie m\u00f6glich beginnen k\u00f6nnen. <\/p><p class=\"paragraph-atom B-550-500-700-N B-550-500-700-N--md\"><strong>Frage: Und was k\u00f6nnen Sie uns \u00fcber diese neue Konzession sagen, die noch aussteht?<\/strong><\/p><p class=\"paragraph-atom B-550-500-700-N B-550-500-700-N--md\"><strong>Antwort:<\/strong> Das kann ich Ihnen nicht mitteilen, da dies gegen die Vertraulichkeit versto\u00dfen w\u00fcrde. Es w\u00e4re jedoch eine Ma\u00dfnahme, die unsere derzeitigen Aktivit\u00e4ten hervorragend erg\u00e4nzen w\u00fcrde und es uns erm\u00f6glichen w\u00fcrde, eine noch umfassendere Umgestaltung durchzuf\u00fchren, als wir urspr\u00fcnglich vorgesehen hatten.   <\/p><p class=\"paragraph-atom B-550-500-700-N B-550-500-700-N--md\"><strong>Frage: Abschlie\u00dfend: Was erwarten Sie als Unternehmer, die in Ceuta investieren, von der Verwaltung in Bezug auf Sicherheit und Garantien?<\/strong><\/p><p class=\"paragraph-atom B-550-500-700-N B-550-500-700-N--md\"><strong>Antwort:<\/strong> Wir wissen, dass die autonome Stadt \u00fcber Zust\u00e4ndigkeiten verf\u00fcgt, die bis zur \u00f6rtlichen Polizei reichen. Die Nationalpolizei und die Guardia Civil unterstehen dem Innenministerium, und die Armee untersteht dem Verteidigungsministerium. <\/p><p class=\"paragraph-atom B-550-500-700-N B-550-500-700-N--md\">Von der Stadt k\u00f6nnen wir das verlangen, was sie uns geben kann und was sie uns schon immer gegeben hat. Was wir jedoch von Ihnen verlangen, ist, dass Sie sich bei den Verantwortlichen der zust\u00e4ndigen Ministerien daf\u00fcr einsetzen, die Sicherheit dauerhaft zu verst\u00e4rken \u2013 nat\u00fcrlich an der Grenze. Es darf nicht so sein, dass es einen acht Meter hohen Zaun gibt, man die Grenze bei Tarajal erreicht und dort dann einfach jeder durchschl\u00fcpft.  <\/p><p class=\"paragraph-atom B-550-500-700-N B-550-500-700-N--md\">Ich hatte eine Investition vorgesehen, damit anstelle dieser Art von Kunststoffbarriere eine solide Barriere errichtet worden w\u00e4re. Diese Investitionen m\u00fcssen umgesetzt werden. Das ist meine pers\u00f6nliche Meinung als B\u00fcrger; abgesehen von allem anderen bin ich der Ansicht, dass in einer Situation, in der Ihr Hoheitsgebiet \u00fcbergr\u00fcndet wird, die Armee eingreifen muss.  <\/p><p class=\"paragraph-atom B-550-500-700-N B-550-500-700-N--md\">Die Armee hat sich verpflichtet, die territoriale Integrit\u00e4t Spaniens zu verteidigen, und hat dies nicht getan, weil die Befehlshaber den Umst\u00e4nden nicht gewachsen waren. Daher hat die Stadt die Aufgabe, mit den zust\u00e4ndigen Ministerien eine Verst\u00e4rkung sowie ein Vorgehensprotokoll zu vereinbaren, um dies zu verhindern, denn es sieht tats\u00e4chlich so aus, als k\u00f6nne sich dies jederzeit wiederholen. Daher ist es wichtig, vorbeugende Ma\u00dfnahmen zu ergreifen.  <\/p>\t\t\t\t\t\t\t\t<\/div>\n\t\t\t\t\t<\/div>\n\t\t\t\t<\/div>\n\t\t\t\t<\/div>\n\t\t","protected":false},"excerpt":{"rendered":"<p>Jos\u00e9 Manuel Arrojo ist Gesch\u00e4ftsf\u00fchrer von Nauplia Capital, das bis zum Jahr 2051 die Konzession f\u00fcr die Marina H\u00e9rcules besitzt.<\/p>\n","protected":false},"author":1,"featured_media":2671,"comment_status":"closed","ping_status":"closed","sticky":false,"template":"","format":"standard","meta":{"footnotes":""},"categories":[17],"tags":[],"class_list":["post-2669","post","type-post","status-publish","format-standard","has-post-thumbnail","hentry","category-nicht-kategorisiert"],"yoast_head":"<!-- This site is optimized with the Yoast SEO plugin v28.3 - https:\/\/yoast.com\/product\/yoast-seo-wordpress\/ -->\n<title>\u201eUnser Engagement ist genauso stark wie zuvor \u2013 wenn nicht sogar noch st\u00e4rker.\u201c - Marina Empuriabrava<\/title>\n<meta name=\"description\" content=\"Jos\u00e9 Manuel Arrojo, Pr\u00e4sident der Marine von Ceuta, versichert, dass der Betrieb derzeit \u201efast wie gewohnt\u201c ablaufe.\" \/>\n<meta name=\"robots\" content=\"index, follow, max-snippet:-1, max-image-preview:large, max-video-preview:-1\" \/>\n<link rel=\"canonical\" href=\"https:\/\/marinaempuriabrava.es\/de\/der-vorsitzende-des-yachthafens-von-ceuta-unser-engagement-ist-genauso-stark-wie-zuvor-wenn-nicht-sogar-noch-staerker\/\" \/>\n<meta property=\"og:locale\" content=\"de_DE\" \/>\n<meta property=\"og:type\" content=\"article\" \/>\n<meta property=\"og:title\" content=\"\u201eUnser Engagement ist genauso stark wie zuvor \u2013 wenn nicht sogar noch st\u00e4rker.\u201c - Marina Empuriabrava\" \/>\n<meta property=\"og:description\" content=\"Jos\u00e9 Manuel Arrojo, Pr\u00e4sident der Marine von Ceuta, versichert, dass der Betrieb derzeit \u201efast wie gewohnt\u201c ablaufe.\" \/>\n<meta property=\"og:url\" content=\"https:\/\/marinaempuriabrava.es\/de\/der-vorsitzende-des-yachthafens-von-ceuta-unser-engagement-ist-genauso-stark-wie-zuvor-wenn-nicht-sogar-noch-staerker\/\" \/>\n<meta property=\"og:site_name\" content=\"Marina Empuriabrava\" \/>\n<meta property=\"article:published_time\" content=\"2026-08-31T15:32:47+00:00\" \/>\n<meta property=\"article:modified_time\" content=\"2026-08-31T15:39:20+00:00\" \/>\n<meta property=\"og:image\" content=\"https:\/\/marinaempuriabrava.es\/wp-content\/uploads\/2026\/08\/Jose-Manuel-Arrojo-Presidente-Nauplia-Capital.jpg\" \/>\n\t<meta property=\"og:image:width\" content=\"874\" \/>\n\t<meta property=\"og:image:height\" content=\"744\" \/>\n\t<meta property=\"og:image:type\" content=\"image\/jpeg\" \/>\n<meta name=\"author\" content=\"admin\" \/>\n<meta name=\"twitter:card\" content=\"summary_large_image\" \/>\n<meta name=\"twitter:label1\" content=\"Verfasst von\" \/>\n\t<meta name=\"twitter:data1\" content=\"admin\" \/>\n\t<meta name=\"twitter:label2\" content=\"Gesch\u00e4tzte Lesezeit\" \/>\n\t<meta name=\"twitter:data2\" content=\"10\u00a0Minuten\" \/>\n<script type=\"application\/ld+json\" class=\"yoast-schema-graph\">{\"@context\":\"https:\\\/\\\/schema.org\",\"@graph\":[{\"@type\":\"Article\",\"@id\":\"https:\\\/\\\/marinaempuriabrava.es\\\/de\\\/der-vorsitzende-des-yachthafens-von-ceuta-unser-engagement-ist-genauso-stark-wie-zuvor-wenn-nicht-sogar-noch-staerker\\\/#article\",\"isPartOf\":{\"@id\":\"https:\\\/\\\/marinaempuriabrava.es\\\/de\\\/der-vorsitzende-des-yachthafens-von-ceuta-unser-engagement-ist-genauso-stark-wie-zuvor-wenn-nicht-sogar-noch-staerker\\\/\"},\"author\":{\"name\":\"admin\",\"@id\":\"https:\\\/\\\/marinaempuriabrava.es\\\/de\\\/#\\\/schema\\\/person\\\/9203051ba8ddfcfbee707f05578e751d\"},\"headline\":\"Der Vorsitzende des Yachthafens von Ceuta: \u201eUnser Engagement ist genauso stark wie zuvor \u2013 wenn nicht sogar noch st\u00e4rker.\u201c\",\"datePublished\":\"2026-08-31T15:32:47+00:00\",\"dateModified\":\"2026-08-31T15:39:20+00:00\",\"mainEntityOfPage\":{\"@id\":\"https:\\\/\\\/marinaempuriabrava.es\\\/de\\\/der-vorsitzende-des-yachthafens-von-ceuta-unser-engagement-ist-genauso-stark-wie-zuvor-wenn-nicht-sogar-noch-staerker\\\/\"},\"wordCount\":2057,\"publisher\":{\"@id\":\"https:\\\/\\\/marinaempuriabrava.es\\\/de\\\/#organization\"},\"image\":{\"@id\":\"https:\\\/\\\/marinaempuriabrava.es\\\/de\\\/der-vorsitzende-des-yachthafens-von-ceuta-unser-engagement-ist-genauso-stark-wie-zuvor-wenn-nicht-sogar-noch-staerker\\\/#primaryimage\"},\"thumbnailUrl\":\"https:\\\/\\\/marinaempuriabrava.es\\\/wp-content\\\/uploads\\\/2026\\\/08\\\/Jose-Manuel-Arrojo-Presidente-Nauplia-Capital.jpg\",\"articleSection\":[\"Nicht kategorisiert\"],\"inLanguage\":\"de\"},{\"@type\":\"WebPage\",\"@id\":\"https:\\\/\\\/marinaempuriabrava.es\\\/de\\\/der-vorsitzende-des-yachthafens-von-ceuta-unser-engagement-ist-genauso-stark-wie-zuvor-wenn-nicht-sogar-noch-staerker\\\/\",\"url\":\"https:\\\/\\\/marinaempuriabrava.es\\\/de\\\/der-vorsitzende-des-yachthafens-von-ceuta-unser-engagement-ist-genauso-stark-wie-zuvor-wenn-nicht-sogar-noch-staerker\\\/\",\"name\":\"\u201eUnser Engagement ist genauso stark wie zuvor \u2013 wenn nicht sogar noch st\u00e4rker.\u201c - Marina Empuriabrava\",\"isPartOf\":{\"@id\":\"https:\\\/\\\/marinaempuriabrava.es\\\/de\\\/#website\"},\"primaryImageOfPage\":{\"@id\":\"https:\\\/\\\/marinaempuriabrava.es\\\/de\\\/der-vorsitzende-des-yachthafens-von-ceuta-unser-engagement-ist-genauso-stark-wie-zuvor-wenn-nicht-sogar-noch-staerker\\\/#primaryimage\"},\"image\":{\"@id\":\"https:\\\/\\\/marinaempuriabrava.es\\\/de\\\/der-vorsitzende-des-yachthafens-von-ceuta-unser-engagement-ist-genauso-stark-wie-zuvor-wenn-nicht-sogar-noch-staerker\\\/#primaryimage\"},\"thumbnailUrl\":\"https:\\\/\\\/marinaempuriabrava.es\\\/wp-content\\\/uploads\\\/2026\\\/08\\\/Jose-Manuel-Arrojo-Presidente-Nauplia-Capital.jpg\",\"datePublished\":\"2026-08-31T15:32:47+00:00\",\"dateModified\":\"2026-08-31T15:39:20+00:00\",\"description\":\"Jos\u00e9 Manuel Arrojo, Pr\u00e4sident der Marine von Ceuta, versichert, dass der Betrieb derzeit \u201efast wie gewohnt\u201c ablaufe.\",\"breadcrumb\":{\"@id\":\"https:\\\/\\\/marinaempuriabrava.es\\\/de\\\/der-vorsitzende-des-yachthafens-von-ceuta-unser-engagement-ist-genauso-stark-wie-zuvor-wenn-nicht-sogar-noch-staerker\\\/#breadcrumb\"},\"inLanguage\":\"de\",\"potentialAction\":[{\"@type\":\"ReadAction\",\"target\":[\"https:\\\/\\\/marinaempuriabrava.es\\\/de\\\/der-vorsitzende-des-yachthafens-von-ceuta-unser-engagement-ist-genauso-stark-wie-zuvor-wenn-nicht-sogar-noch-staerker\\\/\"]}]},{\"@type\":\"ImageObject\",\"inLanguage\":\"de\",\"@id\":\"https:\\\/\\\/marinaempuriabrava.es\\\/de\\\/der-vorsitzende-des-yachthafens-von-ceuta-unser-engagement-ist-genauso-stark-wie-zuvor-wenn-nicht-sogar-noch-staerker\\\/#primaryimage\",\"url\":\"https:\\\/\\\/marinaempuriabrava.es\\\/wp-content\\\/uploads\\\/2026\\\/08\\\/Jose-Manuel-Arrojo-Presidente-Nauplia-Capital.jpg\",\"contentUrl\":\"https:\\\/\\\/marinaempuriabrava.es\\\/wp-content\\\/uploads\\\/2026\\\/08\\\/Jose-Manuel-Arrojo-Presidente-Nauplia-Capital.jpg\",\"width\":874,\"height\":744,\"caption\":\"Jos\u00e9 Manuel Arrojo, Vorsitzender der Nauplia-Gruppe\"},{\"@type\":\"BreadcrumbList\",\"@id\":\"https:\\\/\\\/marinaempuriabrava.es\\\/de\\\/der-vorsitzende-des-yachthafens-von-ceuta-unser-engagement-ist-genauso-stark-wie-zuvor-wenn-nicht-sogar-noch-staerker\\\/#breadcrumb\",\"itemListElement\":[{\"@type\":\"ListItem\",\"position\":1,\"name\":\"Portada\",\"item\":\"https:\\\/\\\/marinaempuriabrava.es\\\/de\\\/home\\\/\"},{\"@type\":\"ListItem\",\"position\":2,\"name\":\"Der Vorsitzende des Yachthafens von Ceuta: \u201eUnser Engagement ist genauso stark wie zuvor \u2013 wenn nicht sogar noch st\u00e4rker.\u201c\"}]},{\"@type\":\"WebSite\",\"@id\":\"https:\\\/\\\/marinaempuriabrava.es\\\/de\\\/#website\",\"url\":\"https:\\\/\\\/marinaempuriabrava.es\\\/de\\\/\",\"name\":\"Marina Empuriabrava\",\"description\":\"Un puerto diferente en plena Costa Brava\",\"publisher\":{\"@id\":\"https:\\\/\\\/marinaempuriabrava.es\\\/de\\\/#organization\"},\"potentialAction\":[{\"@type\":\"SearchAction\",\"target\":{\"@type\":\"EntryPoint\",\"urlTemplate\":\"https:\\\/\\\/marinaempuriabrava.es\\\/de\\\/?s={search_term_string}\"},\"query-input\":{\"@type\":\"PropertyValueSpecification\",\"valueRequired\":true,\"valueName\":\"search_term_string\"}}],\"inLanguage\":\"de\"},{\"@type\":\"Organization\",\"@id\":\"https:\\\/\\\/marinaempuriabrava.es\\\/de\\\/#organization\",\"name\":\"Marina Empuriabrava\",\"url\":\"https:\\\/\\\/marinaempuriabrava.es\\\/de\\\/\",\"logo\":{\"@type\":\"ImageObject\",\"inLanguage\":\"de\",\"@id\":\"https:\\\/\\\/marinaempuriabrava.es\\\/de\\\/#\\\/schema\\\/logo\\\/image\\\/\",\"url\":\"https:\\\/\\\/marinaempuriabrava.es\\\/wp-content\\\/uploads\\\/2025\\\/07\\\/Logo_Final_Empuriabrava_RGB_Logo-Principal-Marina-Empuriabrava.svg\",\"contentUrl\":\"https:\\\/\\\/marinaempuriabrava.es\\\/wp-content\\\/uploads\\\/2025\\\/07\\\/Logo_Final_Empuriabrava_RGB_Logo-Principal-Marina-Empuriabrava.svg\",\"width\":1200,\"height\":1200,\"caption\":\"Marina Empuriabrava\"},\"image\":{\"@id\":\"https:\\\/\\\/marinaempuriabrava.es\\\/de\\\/#\\\/schema\\\/logo\\\/image\\\/\"}},{\"@type\":\"Person\",\"@id\":\"https:\\\/\\\/marinaempuriabrava.es\\\/de\\\/#\\\/schema\\\/person\\\/9203051ba8ddfcfbee707f05578e751d\",\"name\":\"admin\",\"image\":{\"@type\":\"ImageObject\",\"inLanguage\":\"de\",\"@id\":\"https:\\\/\\\/secure.gravatar.com\\\/avatar\\\/8861d30f5ade6f59b698b2415cf8686a1ae6c34f374746decfd1b06be813d468?s=96&d=mm&r=g\",\"url\":\"https:\\\/\\\/secure.gravatar.com\\\/avatar\\\/8861d30f5ade6f59b698b2415cf8686a1ae6c34f374746decfd1b06be813d468?s=96&d=mm&r=g\",\"contentUrl\":\"https:\\\/\\\/secure.gravatar.com\\\/avatar\\\/8861d30f5ade6f59b698b2415cf8686a1ae6c34f374746decfd1b06be813d468?s=96&d=mm&r=g\",\"caption\":\"admin\"},\"sameAs\":[\"https:\\\/\\\/marinaempuriabrava.es\"],\"url\":\"https:\\\/\\\/marinaempuriabrava.es\\\/de\\\/author\\\/admin\\\/\"}]}<\/script>\n<!-- \/ Yoast SEO plugin. -->","yoast_head_json":{"title":"\u201eUnser Engagement ist genauso stark wie zuvor \u2013 wenn nicht sogar noch st\u00e4rker.\u201c - Marina Empuriabrava","description":"Jos\u00e9 Manuel Arrojo, Pr\u00e4sident der Marine von Ceuta, versichert, dass der Betrieb derzeit \u201efast wie gewohnt\u201c ablaufe.","robots":{"index":"index","follow":"follow","max-snippet":"max-snippet:-1","max-image-preview":"max-image-preview:large","max-video-preview":"max-video-preview:-1"},"canonical":"https:\/\/marinaempuriabrava.es\/de\/der-vorsitzende-des-yachthafens-von-ceuta-unser-engagement-ist-genauso-stark-wie-zuvor-wenn-nicht-sogar-noch-staerker\/","og_locale":"de_DE","og_type":"article","og_title":"\u201eUnser Engagement ist genauso stark wie zuvor \u2013 wenn nicht sogar noch st\u00e4rker.\u201c - Marina Empuriabrava","og_description":"Jos\u00e9 Manuel Arrojo, Pr\u00e4sident der Marine von Ceuta, versichert, dass der Betrieb derzeit \u201efast wie gewohnt\u201c ablaufe.","og_url":"https:\/\/marinaempuriabrava.es\/de\/der-vorsitzende-des-yachthafens-von-ceuta-unser-engagement-ist-genauso-stark-wie-zuvor-wenn-nicht-sogar-noch-staerker\/","og_site_name":"Marina Empuriabrava","article_published_time":"2026-08-31T15:32:47+00:00","article_modified_time":"2026-08-31T15:39:20+00:00","og_image":[{"width":874,"height":744,"url":"https:\/\/marinaempuriabrava.es\/wp-content\/uploads\/2026\/08\/Jose-Manuel-Arrojo-Presidente-Nauplia-Capital.jpg","type":"image\/jpeg"}],"author":"admin","twitter_card":"summary_large_image","twitter_misc":{"Verfasst von":"admin","Gesch\u00e4tzte Lesezeit":"10\u00a0Minuten"},"schema":{"@context":"https:\/\/schema.org","@graph":[{"@type":"Article","@id":"https:\/\/marinaempuriabrava.es\/de\/der-vorsitzende-des-yachthafens-von-ceuta-unser-engagement-ist-genauso-stark-wie-zuvor-wenn-nicht-sogar-noch-staerker\/#article","isPartOf":{"@id":"https:\/\/marinaempuriabrava.es\/de\/der-vorsitzende-des-yachthafens-von-ceuta-unser-engagement-ist-genauso-stark-wie-zuvor-wenn-nicht-sogar-noch-staerker\/"},"author":{"name":"admin","@id":"https:\/\/marinaempuriabrava.es\/de\/#\/schema\/person\/9203051ba8ddfcfbee707f05578e751d"},"headline":"Der Vorsitzende des Yachthafens von Ceuta: \u201eUnser Engagement ist genauso stark wie zuvor \u2013 wenn nicht sogar noch st\u00e4rker.\u201c","datePublished":"2026-08-31T15:32:47+00:00","dateModified":"2026-08-31T15:39:20+00:00","mainEntityOfPage":{"@id":"https:\/\/marinaempuriabrava.es\/de\/der-vorsitzende-des-yachthafens-von-ceuta-unser-engagement-ist-genauso-stark-wie-zuvor-wenn-nicht-sogar-noch-staerker\/"},"wordCount":2057,"publisher":{"@id":"https:\/\/marinaempuriabrava.es\/de\/#organization"},"image":{"@id":"https:\/\/marinaempuriabrava.es\/de\/der-vorsitzende-des-yachthafens-von-ceuta-unser-engagement-ist-genauso-stark-wie-zuvor-wenn-nicht-sogar-noch-staerker\/#primaryimage"},"thumbnailUrl":"https:\/\/marinaempuriabrava.es\/wp-content\/uploads\/2026\/08\/Jose-Manuel-Arrojo-Presidente-Nauplia-Capital.jpg","articleSection":["Nicht kategorisiert"],"inLanguage":"de"},{"@type":"WebPage","@id":"https:\/\/marinaempuriabrava.es\/de\/der-vorsitzende-des-yachthafens-von-ceuta-unser-engagement-ist-genauso-stark-wie-zuvor-wenn-nicht-sogar-noch-staerker\/","url":"https:\/\/marinaempuriabrava.es\/de\/der-vorsitzende-des-yachthafens-von-ceuta-unser-engagement-ist-genauso-stark-wie-zuvor-wenn-nicht-sogar-noch-staerker\/","name":"\u201eUnser Engagement ist genauso stark wie zuvor \u2013 wenn nicht sogar noch st\u00e4rker.\u201c - Marina Empuriabrava","isPartOf":{"@id":"https:\/\/marinaempuriabrava.es\/de\/#website"},"primaryImageOfPage":{"@id":"https:\/\/marinaempuriabrava.es\/de\/der-vorsitzende-des-yachthafens-von-ceuta-unser-engagement-ist-genauso-stark-wie-zuvor-wenn-nicht-sogar-noch-staerker\/#primaryimage"},"image":{"@id":"https:\/\/marinaempuriabrava.es\/de\/der-vorsitzende-des-yachthafens-von-ceuta-unser-engagement-ist-genauso-stark-wie-zuvor-wenn-nicht-sogar-noch-staerker\/#primaryimage"},"thumbnailUrl":"https:\/\/marinaempuriabrava.es\/wp-content\/uploads\/2026\/08\/Jose-Manuel-Arrojo-Presidente-Nauplia-Capital.jpg","datePublished":"2026-08-31T15:32:47+00:00","dateModified":"2026-08-31T15:39:20+00:00","description":"Jos\u00e9 Manuel Arrojo, Pr\u00e4sident der Marine von Ceuta, versichert, dass der Betrieb derzeit \u201efast wie gewohnt\u201c ablaufe.","breadcrumb":{"@id":"https:\/\/marinaempuriabrava.es\/de\/der-vorsitzende-des-yachthafens-von-ceuta-unser-engagement-ist-genauso-stark-wie-zuvor-wenn-nicht-sogar-noch-staerker\/#breadcrumb"},"inLanguage":"de","potentialAction":[{"@type":"ReadAction","target":["https:\/\/marinaempuriabrava.es\/de\/der-vorsitzende-des-yachthafens-von-ceuta-unser-engagement-ist-genauso-stark-wie-zuvor-wenn-nicht-sogar-noch-staerker\/"]}]},{"@type":"ImageObject","inLanguage":"de","@id":"https:\/\/marinaempuriabrava.es\/de\/der-vorsitzende-des-yachthafens-von-ceuta-unser-engagement-ist-genauso-stark-wie-zuvor-wenn-nicht-sogar-noch-staerker\/#primaryimage","url":"https:\/\/marinaempuriabrava.es\/wp-content\/uploads\/2026\/08\/Jose-Manuel-Arrojo-Presidente-Nauplia-Capital.jpg","contentUrl":"https:\/\/marinaempuriabrava.es\/wp-content\/uploads\/2026\/08\/Jose-Manuel-Arrojo-Presidente-Nauplia-Capital.jpg","width":874,"height":744,"caption":"Jos\u00e9 Manuel Arrojo, Vorsitzender der Nauplia-Gruppe"},{"@type":"BreadcrumbList","@id":"https:\/\/marinaempuriabrava.es\/de\/der-vorsitzende-des-yachthafens-von-ceuta-unser-engagement-ist-genauso-stark-wie-zuvor-wenn-nicht-sogar-noch-staerker\/#breadcrumb","itemListElement":[{"@type":"ListItem","position":1,"name":"Portada","item":"https:\/\/marinaempuriabrava.es\/de\/home\/"},{"@type":"ListItem","position":2,"name":"Der Vorsitzende des Yachthafens von Ceuta: \u201eUnser Engagement ist genauso stark wie zuvor \u2013 wenn nicht sogar noch st\u00e4rker.\u201c"}]},{"@type":"WebSite","@id":"https:\/\/marinaempuriabrava.es\/de\/#website","url":"https:\/\/marinaempuriabrava.es\/de\/","name":"Marina Empuriabrava","description":"Un puerto diferente en plena Costa Brava","publisher":{"@id":"https:\/\/marinaempuriabrava.es\/de\/#organization"},"potentialAction":[{"@type":"SearchAction","target":{"@type":"EntryPoint","urlTemplate":"https:\/\/marinaempuriabrava.es\/de\/?s={search_term_string}"},"query-input":{"@type":"PropertyValueSpecification","valueRequired":true,"valueName":"search_term_string"}}],"inLanguage":"de"},{"@type":"Organization","@id":"https:\/\/marinaempuriabrava.es\/de\/#organization","name":"Marina Empuriabrava","url":"https:\/\/marinaempuriabrava.es\/de\/","logo":{"@type":"ImageObject","inLanguage":"de","@id":"https:\/\/marinaempuriabrava.es\/de\/#\/schema\/logo\/image\/","url":"https:\/\/marinaempuriabrava.es\/wp-content\/uploads\/2025\/07\/Logo_Final_Empuriabrava_RGB_Logo-Principal-Marina-Empuriabrava.svg","contentUrl":"https:\/\/marinaempuriabrava.es\/wp-content\/uploads\/2025\/07\/Logo_Final_Empuriabrava_RGB_Logo-Principal-Marina-Empuriabrava.svg","width":1200,"height":1200,"caption":"Marina Empuriabrava"},"image":{"@id":"https:\/\/marinaempuriabrava.es\/de\/#\/schema\/logo\/image\/"}},{"@type":"Person","@id":"https:\/\/marinaempuriabrava.es\/de\/#\/schema\/person\/9203051ba8ddfcfbee707f05578e751d","name":"admin","image":{"@type":"ImageObject","inLanguage":"de","@id":"https:\/\/secure.gravatar.com\/avatar\/8861d30f5ade6f59b698b2415cf8686a1ae6c34f374746decfd1b06be813d468?s=96&d=mm&r=g","url":"https:\/\/secure.gravatar.com\/avatar\/8861d30f5ade6f59b698b2415cf8686a1ae6c34f374746decfd1b06be813d468?s=96&d=mm&r=g","contentUrl":"https:\/\/secure.gravatar.com\/avatar\/8861d30f5ade6f59b698b2415cf8686a1ae6c34f374746decfd1b06be813d468?s=96&d=mm&r=g","caption":"admin"},"sameAs":["https:\/\/marinaempuriabrava.es"],"url":"https:\/\/marinaempuriabrava.es\/de\/author\/admin\/"}]}},"_links":{"self":[{"href":"https:\/\/marinaempuriabrava.es\/de\/wp-json\/wp\/v2\/posts\/2669","targetHints":{"allow":["GET"]}}],"collection":[{"href":"https:\/\/marinaempuriabrava.es\/de\/wp-json\/wp\/v2\/posts"}],"about":[{"href":"https:\/\/marinaempuriabrava.es\/de\/wp-json\/wp\/v2\/types\/post"}],"author":[{"embeddable":true,"href":"https:\/\/marinaempuriabrava.es\/de\/wp-json\/wp\/v2\/users\/1"}],"replies":[{"embeddable":true,"href":"https:\/\/marinaempuriabrava.es\/de\/wp-json\/wp\/v2\/comments?post=2669"}],"version-history":[{"count":2,"href":"https:\/\/marinaempuriabrava.es\/de\/wp-json\/wp\/v2\/posts\/2669\/revisions"}],"predecessor-version":[{"id":2676,"href":"https:\/\/marinaempuriabrava.es\/de\/wp-json\/wp\/v2\/posts\/2669\/revisions\/2676"}],"wp:featuredmedia":[{"embeddable":true,"href":"https:\/\/marinaempuriabrava.es\/de\/wp-json\/wp\/v2\/media\/2671"}],"wp:attachment":[{"href":"https:\/\/marinaempuriabrava.es\/de\/wp-json\/wp\/v2\/media?parent=2669"}],"wp:term":[{"taxonomy":"category","embeddable":true,"href":"https:\/\/marinaempuriabrava.es\/de\/wp-json\/wp\/v2\/categories?post=2669"},{"taxonomy":"post_tag","embeddable":true,"href":"https:\/\/marinaempuriabrava.es\/de\/wp-json\/wp\/v2\/tags?post=2669"}],"curies":[{"name":"wp","href":"https:\/\/api.w.org\/{rel}","templated":true}]}}